{"id":13695,"date":"2026-04-30T14:35:40","date_gmt":"2026-04-30T12:35:40","guid":{"rendered":"https:\/\/www.demokratie-geschichte.de\/index.php\/?p=13695"},"modified":"2026-04-30T14:50:54","modified_gmt":"2026-04-30T12:50:54","slug":"neues-aus-dem-stiftungsrat","status":"publish","type":"post","link":"https:\/\/www.demokratie-geschichte.de\/index.php\/13695\/neues-aus-dem-stiftungsrat\/","title":{"rendered":"Neues aus dem Stiftungsrat"},"content":{"rendered":"\n<figure class=\"wp-block-image size-large\"><img loading=\"lazy\" decoding=\"async\" width=\"1024\" height=\"609\" src=\"https:\/\/www.demokratie-geschichte.de\/wp-content\/uploads\/2026\/04\/Gruppenbild_bereinigter-HG-scaled-e1777552459835-1024x609.png\" alt=\"\" class=\"wp-image-13697\" srcset=\"https:\/\/www.demokratie-geschichte.de\/wp-content\/uploads\/2026\/04\/Gruppenbild_bereinigter-HG-scaled-e1777552459835-1024x609.png 1024w, https:\/\/www.demokratie-geschichte.de\/wp-content\/uploads\/2026\/04\/Gruppenbild_bereinigter-HG-scaled-e1777552459835-300x178.png 300w, https:\/\/www.demokratie-geschichte.de\/wp-content\/uploads\/2026\/04\/Gruppenbild_bereinigter-HG-scaled-e1777552459835-768x457.png 768w, https:\/\/www.demokratie-geschichte.de\/wp-content\/uploads\/2026\/04\/Gruppenbild_bereinigter-HG-scaled-e1777552459835-1536x914.png 1536w, https:\/\/www.demokratie-geschichte.de\/wp-content\/uploads\/2026\/04\/Gruppenbild_bereinigter-HG-scaled-e1777552459835-2048x1218.png 2048w\" sizes=\"auto, (max-width: 1024px) 100vw, 1024px\" \/><figcaption class=\"wp-element-caption\">V. l. n. r.: Stiftungsdirektor Dr. Kai-Michael Sprenger, Franziska Kiermeier (HLZ), Nancy Faeser MdB (SPD), Awet Tesfaiesus MdB (B\u00fcndnis 90\/Die Gr\u00fcnen), Prof. Dr. Harald Biermann (Stiftung Haus der Geschichte der Bundesrepublik Deutschland), Marianne Schieder (SPD), Dr. h.c. Volker Bouffier (Hessischer Ministerpr\u00e4sident a. D.), Ministerialdirektorin Maria Bering (BKM), Ministerin Bettina Martin (MV), Dr. Jacqueline Boysen (Bundeskanzler Helmut-Kohl-Stiftung), Prof. Volker Kauder (CDU\/CSU), Ministerialdirektor Dr. Oliver Schmolke (Bundespr\u00e4sidialamt). <\/figcaption><\/figure>\n\n\n\n<p>Am 27. April 2026 fand in Frankfurt am Main eine Sitzung unseres Stiftungsrats statt. Der Stiftungsrat ist unser oberstes Entscheidungsgremium und befasst sich mit grunds\u00e4tzlichen Fragen ihrer strategischen und inhaltlichen Ausrichtung.<\/p>\n\n\n\n<p>Ein besonderer Moment der Sitzung war die Verabschiedung von Marianne Schieder MdB a. D. (SPD) und Volker Kauder MdB a. D. (CDU\/CSU), die dem Stiftungsrat seit seiner Gr\u00fcndung angeh\u00f6rten. Beide waren vom Deutschen Bundestag in das Gremium gew\u00e4hlt worden und haben die Entwicklung der Stiftung seit ihrer Entstehung im Jahr 2021 ma\u00dfgeblich begleitet.<\/p>\n\n\n\n<p>Als Mitglieder der ersten Stunde haben sie die Genese und den Aufbau der Stiftung mit gro\u00dfem Engagement unterst\u00fctzt. Durch ihre sachkundigen, zugleich kritischen und stets konstruktiven Beitr\u00e4ge haben sie die Arbeit des Stiftungsrats nachhaltig gepr\u00e4gt und wichtige Impulse zur Etablierung und Profilierung der Stiftung in der Aufbauphase gesetzt.<\/p>\n\n\n\n<p>Mit ihrem Ausscheiden verlassen uns zwei pr\u00e4gende Pers\u00f6nlichkeiten, die die Entwicklung der Stiftung wesentlich mitgestaltet haben. Wir danken Marianne Schieder und Volker Kauder ausdr\u00fccklich f\u00fcr ihre langj\u00e4hrige Unterst\u00fctzung und ihr au\u00dferordentliches Engagement!<\/p>\n","protected":false},"excerpt":{"rendered":"<p>Sitzung im April 2026.<\/p>\n","protected":false},"author":23,"featured_media":13697,"comment_status":"closed","ping_status":"open","sticky":false,"template":"","format":"standard","meta":{"footnotes":""},"categories":[21,1],"tags":[],"class_list":["post-13695","post","type-post","status-publish","format-standard","has-post-thumbnail","hentry","category-startseite","category-aktuelles"],"yoast_head":"<!-- This site is optimized with the Yoast SEO plugin v23.5 - https:\/\/yoast.com\/wordpress\/plugins\/seo\/ -->\n<title>Neues aus dem Stiftungsrat - Stiftung Orte der deutschen Demokratiegeschichte<\/title>\n<meta name=\"robots\" content=\"index, follow, max-snippet:-1, max-image-preview:large, max-video-preview:-1\" \/>\n<link rel=\"canonical\" href=\"https:\/\/www.demokratie-geschichte.de\/index.php\/13695\/neues-aus-dem-stiftungsrat\/\" \/>\n<meta property=\"og:locale\" content=\"de_DE\" \/>\n<meta property=\"og:type\" content=\"article\" \/>\n<meta property=\"og:title\" content=\"Neues aus dem Stiftungsrat - Stiftung Orte der deutschen Demokratiegeschichte\" \/>\n<meta property=\"og:description\" content=\"Sitzung im April 2026.\" \/>\n<meta property=\"og:url\" content=\"https:\/\/www.demokratie-geschichte.de\/index.php\/13695\/neues-aus-dem-stiftungsrat\/\" \/>\n<meta property=\"og:site_name\" content=\"Stiftung Orte der deutschen Demokratiegeschichte\" \/>\n<meta property=\"article:published_time\" content=\"2026-04-30T12:35:40+00:00\" \/>\n<meta property=\"article:modified_time\" content=\"2026-04-30T12:50:54+00:00\" \/>\n<meta property=\"og:image\" content=\"https:\/\/www.demokratie-geschichte.de\/wp-content\/uploads\/2026\/04\/Gruppenbild_bereinigter-HG-scaled-e1777552459835-1024x609.png\" \/>\n\t<meta property=\"og:image:width\" content=\"1024\" \/>\n\t<meta property=\"og:image:height\" content=\"609\" \/>\n\t<meta property=\"og:image:type\" content=\"image\/png\" \/>\n<meta name=\"author\" content=\"Paula Riechardt\" \/>\n<meta name=\"twitter:card\" content=\"summary_large_image\" \/>\n<meta name=\"twitter:label1\" content=\"Verfasst von\" \/>\n\t<meta name=\"twitter:data1\" content=\"Paula Riechardt\" \/>\n\t<meta name=\"twitter:label2\" content=\"Gesch\u00e4tzte Lesezeit\" \/>\n\t<meta name=\"twitter:data2\" content=\"2\u00a0Minuten\" \/>\n<script type=\"application\/ld+json\" class=\"yoast-schema-graph\">{\"@context\":\"https:\/\/schema.org\",\"@graph\":[{\"@type\":\"WebPage\",\"@id\":\"https:\/\/www.demokratie-geschichte.de\/index.php\/13695\/neues-aus-dem-stiftungsrat\/\",\"url\":\"https:\/\/www.demokratie-geschichte.de\/index.php\/13695\/neues-aus-dem-stiftungsrat\/\",\"name\":\"Neues aus dem Stiftungsrat - Stiftung Orte der deutschen Demokratiegeschichte\",\"isPartOf\":{\"@id\":\"https:\/\/www.demokratie-geschichte.de\/index.php\/#website\"},\"primaryImageOfPage\":{\"@id\":\"https:\/\/www.demokratie-geschichte.de\/index.php\/13695\/neues-aus-dem-stiftungsrat\/#primaryimage\"},\"image\":{\"@id\":\"https:\/\/www.demokratie-geschichte.de\/index.php\/13695\/neues-aus-dem-stiftungsrat\/#primaryimage\"},\"thumbnailUrl\":\"https:\/\/www.demokratie-geschichte.de\/wp-content\/uploads\/2026\/04\/Gruppenbild_bereinigter-HG-scaled-e1777552459835.png\",\"datePublished\":\"2026-04-30T12:35:40+00:00\",\"dateModified\":\"2026-04-30T12:50:54+00:00\",\"author\":{\"@id\":\"https:\/\/www.demokratie-geschichte.de\/index.php\/#\/schema\/person\/c02d7ca15383709af3d2d74364a27272\"},\"breadcrumb\":{\"@id\":\"https:\/\/www.demokratie-geschichte.de\/index.php\/13695\/neues-aus-dem-stiftungsrat\/#breadcrumb\"},\"inLanguage\":\"de\",\"potentialAction\":[{\"@type\":\"ReadAction\",\"target\":[\"https:\/\/www.demokratie-geschichte.de\/index.php\/13695\/neues-aus-dem-stiftungsrat\/\"]}]},{\"@type\":\"ImageObject\",\"inLanguage\":\"de\",\"@id\":\"https:\/\/www.demokratie-geschichte.de\/index.php\/13695\/neues-aus-dem-stiftungsrat\/#primaryimage\",\"url\":\"https:\/\/www.demokratie-geschichte.de\/wp-content\/uploads\/2026\/04\/Gruppenbild_bereinigter-HG-scaled-e1777552459835.png\",\"contentUrl\":\"https:\/\/www.demokratie-geschichte.de\/wp-content\/uploads\/2026\/04\/Gruppenbild_bereinigter-HG-scaled-e1777552459835.png\",\"width\":2560,\"height\":1523},{\"@type\":\"BreadcrumbList\",\"@id\":\"https:\/\/www.demokratie-geschichte.de\/index.php\/13695\/neues-aus-dem-stiftungsrat\/#breadcrumb\",\"itemListElement\":[{\"@type\":\"ListItem\",\"position\":1,\"name\":\"Startseite\",\"item\":\"https:\/\/www.demokratie-geschichte.de\/index.php\/\"},{\"@type\":\"ListItem\",\"position\":2,\"name\":\"Neues aus dem Stiftungsrat\"}]},{\"@type\":\"WebSite\",\"@id\":\"https:\/\/www.demokratie-geschichte.de\/index.php\/#website\",\"url\":\"https:\/\/www.demokratie-geschichte.de\/index.php\/\",\"name\":\"Stiftung Orte der deutschen Demokratiegeschichte\",\"description\":\"\",\"potentialAction\":[{\"@type\":\"SearchAction\",\"target\":{\"@type\":\"EntryPoint\",\"urlTemplate\":\"https:\/\/www.demokratie-geschichte.de\/index.php\/?s={search_term_string}\"},\"query-input\":{\"@type\":\"PropertyValueSpecification\",\"valueRequired\":true,\"valueName\":\"search_term_string\"}}],\"inLanguage\":\"de\"},{\"@type\":\"Person\",\"@id\":\"https:\/\/www.demokratie-geschichte.de\/index.php\/#\/schema\/person\/c02d7ca15383709af3d2d74364a27272\",\"name\":\"Paula Riechardt\",\"image\":{\"@type\":\"ImageObject\",\"inLanguage\":\"de\",\"@id\":\"https:\/\/www.demokratie-geschichte.de\/index.php\/#\/schema\/person\/image\/\",\"url\":\"https:\/\/secure.gravatar.com\/avatar\/e57f0c79ea394d5928d4ced49356c0af6c01f2bb807f8378eceb15eb3a773837?s=96&d=mm&r=g\",\"contentUrl\":\"https:\/\/secure.gravatar.com\/avatar\/e57f0c79ea394d5928d4ced49356c0af6c01f2bb807f8378eceb15eb3a773837?s=96&d=mm&r=g\",\"caption\":\"Paula Riechardt\"},\"url\":\"https:\/\/www.demokratie-geschichte.de\/index.php\/author\/p-riechardt\/\"}]}<\/script>\n<!-- \/ Yoast SEO plugin. -->","yoast_head_json":{"title":"Neues aus dem Stiftungsrat - Stiftung Orte der deutschen Demokratiegeschichte","robots":{"index":"index","follow":"follow","max-snippet":"max-snippet:-1","max-image-preview":"max-image-preview:large","max-video-preview":"max-video-preview:-1"},"canonical":"https:\/\/www.demokratie-geschichte.de\/index.php\/13695\/neues-aus-dem-stiftungsrat\/","og_locale":"de_DE","og_type":"article","og_title":"Neues aus dem Stiftungsrat - Stiftung Orte der deutschen Demokratiegeschichte","og_description":"Sitzung im April 2026.","og_url":"https:\/\/www.demokratie-geschichte.de\/index.php\/13695\/neues-aus-dem-stiftungsrat\/","og_site_name":"Stiftung Orte der deutschen Demokratiegeschichte","article_published_time":"2026-04-30T12:35:40+00:00","article_modified_time":"2026-04-30T12:50:54+00:00","og_image":[{"width":1024,"height":609,"url":"https:\/\/www.demokratie-geschichte.de\/wp-content\/uploads\/2026\/04\/Gruppenbild_bereinigter-HG-scaled-e1777552459835-1024x609.png","type":"image\/png"}],"author":"Paula Riechardt","twitter_card":"summary_large_image","twitter_misc":{"Verfasst von":"Paula Riechardt","Gesch\u00e4tzte Lesezeit":"2\u00a0Minuten"},"schema":{"@context":"https:\/\/schema.org","@graph":[{"@type":"WebPage","@id":"https:\/\/www.demokratie-geschichte.de\/index.php\/13695\/neues-aus-dem-stiftungsrat\/","url":"https:\/\/www.demokratie-geschichte.de\/index.php\/13695\/neues-aus-dem-stiftungsrat\/","name":"Neues aus dem Stiftungsrat - Stiftung Orte der deutschen Demokratiegeschichte","isPartOf":{"@id":"https:\/\/www.demokratie-geschichte.de\/index.php\/#website"},"primaryImageOfPage":{"@id":"https:\/\/www.demokratie-geschichte.de\/index.php\/13695\/neues-aus-dem-stiftungsrat\/#primaryimage"},"image":{"@id":"https:\/\/www.demokratie-geschichte.de\/index.php\/13695\/neues-aus-dem-stiftungsrat\/#primaryimage"},"thumbnailUrl":"https:\/\/www.demokratie-geschichte.de\/wp-content\/uploads\/2026\/04\/Gruppenbild_bereinigter-HG-scaled-e1777552459835.png","datePublished":"2026-04-30T12:35:40+00:00","dateModified":"2026-04-30T12:50:54+00:00","author":{"@id":"https:\/\/www.demokratie-geschichte.de\/index.php\/#\/schema\/person\/c02d7ca15383709af3d2d74364a27272"},"breadcrumb":{"@id":"https:\/\/www.demokratie-geschichte.de\/index.php\/13695\/neues-aus-dem-stiftungsrat\/#breadcrumb"},"inLanguage":"de","potentialAction":[{"@type":"ReadAction","target":["https:\/\/www.demokratie-geschichte.de\/index.php\/13695\/neues-aus-dem-stiftungsrat\/"]}]},{"@type":"ImageObject","inLanguage":"de","@id":"https:\/\/www.demokratie-geschichte.de\/index.php\/13695\/neues-aus-dem-stiftungsrat\/#primaryimage","url":"https:\/\/www.demokratie-geschichte.de\/wp-content\/uploads\/2026\/04\/Gruppenbild_bereinigter-HG-scaled-e1777552459835.png","contentUrl":"https:\/\/www.demokratie-geschichte.de\/wp-content\/uploads\/2026\/04\/Gruppenbild_bereinigter-HG-scaled-e1777552459835.png","width":2560,"height":1523},{"@type":"BreadcrumbList","@id":"https:\/\/www.demokratie-geschichte.de\/index.php\/13695\/neues-aus-dem-stiftungsrat\/#breadcrumb","itemListElement":[{"@type":"ListItem","position":1,"name":"Startseite","item":"https:\/\/www.demokratie-geschichte.de\/index.php\/"},{"@type":"ListItem","position":2,"name":"Neues aus dem Stiftungsrat"}]},{"@type":"WebSite","@id":"https:\/\/www.demokratie-geschichte.de\/index.php\/#website","url":"https:\/\/www.demokratie-geschichte.de\/index.php\/","name":"Stiftung Orte der deutschen Demokratiegeschichte","description":"","potentialAction":[{"@type":"SearchAction","target":{"@type":"EntryPoint","urlTemplate":"https:\/\/www.demokratie-geschichte.de\/index.php\/?s={search_term_string}"},"query-input":{"@type":"PropertyValueSpecification","valueRequired":true,"valueName":"search_term_string"}}],"inLanguage":"de"},{"@type":"Person","@id":"https:\/\/www.demokratie-geschichte.de\/index.php\/#\/schema\/person\/c02d7ca15383709af3d2d74364a27272","name":"Paula Riechardt","image":{"@type":"ImageObject","inLanguage":"de","@id":"https:\/\/www.demokratie-geschichte.de\/index.php\/#\/schema\/person\/image\/","url":"https:\/\/secure.gravatar.com\/avatar\/e57f0c79ea394d5928d4ced49356c0af6c01f2bb807f8378eceb15eb3a773837?s=96&d=mm&r=g","contentUrl":"https:\/\/secure.gravatar.com\/avatar\/e57f0c79ea394d5928d4ced49356c0af6c01f2bb807f8378eceb15eb3a773837?s=96&d=mm&r=g","caption":"Paula Riechardt"},"url":"https:\/\/www.demokratie-geschichte.de\/index.php\/author\/p-riechardt\/"}]}},"wps_subtitle":"Aus der Stiftung","_links":{"self":[{"href":"https:\/\/www.demokratie-geschichte.de\/index.php\/wp-json\/wp\/v2\/posts\/13695","targetHints":{"allow":["GET"]}}],"collection":[{"href":"https:\/\/www.demokratie-geschichte.de\/index.php\/wp-json\/wp\/v2\/posts"}],"about":[{"href":"https:\/\/www.demokratie-geschichte.de\/index.php\/wp-json\/wp\/v2\/types\/post"}],"author":[{"embeddable":true,"href":"https:\/\/www.demokratie-geschichte.de\/index.php\/wp-json\/wp\/v2\/users\/23"}],"replies":[{"embeddable":true,"href":"https:\/\/www.demokratie-geschichte.de\/index.php\/wp-json\/wp\/v2\/comments?post=13695"}],"version-history":[{"count":6,"href":"https:\/\/www.demokratie-geschichte.de\/index.php\/wp-json\/wp\/v2\/posts\/13695\/revisions"}],"predecessor-version":[{"id":13704,"href":"https:\/\/www.demokratie-geschichte.de\/index.php\/wp-json\/wp\/v2\/posts\/13695\/revisions\/13704"}],"wp:featuredmedia":[{"embeddable":true,"href":"https:\/\/www.demokratie-geschichte.de\/index.php\/wp-json\/wp\/v2\/media\/13697"}],"wp:attachment":[{"href":"https:\/\/www.demokratie-geschichte.de\/index.php\/wp-json\/wp\/v2\/media?parent=13695"}],"wp:term":[{"taxonomy":"category","embeddable":true,"href":"https:\/\/www.demokratie-geschichte.de\/index.php\/wp-json\/wp\/v2\/categories?post=13695"},{"taxonomy":"post_tag","embeddable":true,"href":"https:\/\/www.demokratie-geschichte.de\/index.php\/wp-json\/wp\/v2\/tags?post=13695"}],"curies":[{"name":"wp","href":"https:\/\/api.w.org\/{rel}","templated":true}]}}