{"id":13690,"date":"2026-04-29T16:56:47","date_gmt":"2026-04-29T14:56:47","guid":{"rendered":"https:\/\/www.demokratie-geschichte.de\/index.php\/?p=13690"},"modified":"2026-04-29T16:56:48","modified_gmt":"2026-04-29T14:56:48","slug":"umkaempftes-vermaechtnis-die-declaration-of-independence-als-lebendige-tradition-1776-2026","status":"publish","type":"post","link":"https:\/\/www.demokratie-geschichte.de\/index.php\/13690\/umkaempftes-vermaechtnis-die-declaration-of-independence-als-lebendige-tradition-1776-2026\/","title":{"rendered":"Umk\u00e4mpftes Verm\u00e4chtnis. Die &#8222;Declaration of Independence&#8220; als lebendige Tradition, 1776 \u2013 2026"},"content":{"rendered":"\n<p>Wie ist die amerikanische Unabh\u00e4ngigkeitserkl\u00e4rung ideengeschichtlich zu verorten, und welche Rolle spielte sie im Spannungsfeld von Krieg, Politik und kolonialen Machtkonflikten? Diese Fragen stehen am Donnerstag, 7. Mai 2026 in Bad Homburg im Fokus.<\/p>\n\n\n\n<p>Frank Kelleter von der Freien Universit\u00e4t Berlin spricht \u00fcber \u201ePhilosophie als Politik: Vom Siebenj\u00e4hrigen Krieg zum Kriegssommer 1776\u201c. Der Vortrag zeigt, wie die amerikanische Unabh\u00e4ngigkeitserkl\u00e4rung im Kontext globaler Kriege, kolonialer Machtkonflikte und des Einflusses von Thomas Paines&nbsp;Common Sense&nbsp;gelesen werden kann. Dabei wird deutlich, dass ihr Universalismus zugleich emanzipatorisches Potenzial entfaltet und problematische Implikationen mit sich bringt.<\/p>\n\n\n\n<p>Der Abend ist Teil der interdisziplin\u00e4ren Vortragsreihe zum 250. Jubil\u00e4um der amerikanischen Unabh\u00e4ngigkeitserkl\u00e4rung. Die Reihe fragt nach der historischen Wirkung des Gr\u00fcndungsdokuments der ersten modernen Demokratie und nach seiner Bedeutung f\u00fcr heutige Demokratiefragen. Veranstaltet wird sie vom John McCloy Transatlantic Forum am Forschungskolleg Humanwissenschaften in Kooperation mit der Hessischen Landeszentrale f\u00fcr politische Bildung und uns.<\/p>\n\n\n\n<p>Eine Anmeldung ist bis zum 4. Mai 2026 an <a href=\"mailto:anmeldung@forschungskolleg-humanwissenschaften.de\">anmeldung@forschungskolleg-humanwissenschaften.de<\/a> m\u00f6glich.<\/p>\n\n\n\n<figure class=\"wp-block-image size-full\"><img loading=\"lazy\" decoding=\"async\" width=\"650\" height=\"920\" src=\"https:\/\/www.demokratie-geschichte.de\/wp-content\/uploads\/2026\/04\/Plakat_FKHW-Umkaempftes-Vermaechtnis.jpg\" alt=\"\" class=\"wp-image-13691\" srcset=\"https:\/\/www.demokratie-geschichte.de\/wp-content\/uploads\/2026\/04\/Plakat_FKHW-Umkaempftes-Vermaechtnis.jpg 650w, https:\/\/www.demokratie-geschichte.de\/wp-content\/uploads\/2026\/04\/Plakat_FKHW-Umkaempftes-Vermaechtnis-212x300.jpg 212w\" sizes=\"auto, (max-width: 650px) 100vw, 650px\" \/><\/figure>\n","protected":false},"excerpt":{"rendered":"<p>Am 7. Mai 2026 in Bad Homburg.<\/p>\n","protected":false},"author":23,"featured_media":13692,"comment_status":"closed","ping_status":"open","sticky":false,"template":"","format":"standard","meta":{"footnotes":""},"categories":[29,21],"tags":[],"class_list":["post-13690","post","type-post","status-publish","format-standard","has-post-thumbnail","hentry","category-veranstaltungen","category-startseite"],"yoast_head":"<!-- This site is optimized with the Yoast SEO plugin v23.5 - https:\/\/yoast.com\/wordpress\/plugins\/seo\/ -->\n<title>Umk\u00e4mpftes Verm\u00e4chtnis. Die &quot;Declaration of Independence&quot; als lebendige Tradition, 1776 \u2013 2026 - Stiftung Orte der deutschen Demokratiegeschichte<\/title>\n<meta name=\"robots\" content=\"index, follow, max-snippet:-1, max-image-preview:large, max-video-preview:-1\" \/>\n<link rel=\"canonical\" href=\"https:\/\/www.demokratie-geschichte.de\/index.php\/13690\/umkaempftes-vermaechtnis-die-declaration-of-independence-als-lebendige-tradition-1776-2026\/\" \/>\n<meta property=\"og:locale\" content=\"de_DE\" \/>\n<meta property=\"og:type\" content=\"article\" \/>\n<meta property=\"og:title\" content=\"Umk\u00e4mpftes Verm\u00e4chtnis. Die &quot;Declaration of Independence&quot; als lebendige Tradition, 1776 \u2013 2026 - Stiftung Orte der deutschen Demokratiegeschichte\" \/>\n<meta property=\"og:description\" content=\"Am 7. Mai 2026 in Bad Homburg.\" \/>\n<meta property=\"og:url\" content=\"https:\/\/www.demokratie-geschichte.de\/index.php\/13690\/umkaempftes-vermaechtnis-die-declaration-of-independence-als-lebendige-tradition-1776-2026\/\" \/>\n<meta property=\"og:site_name\" content=\"Stiftung Orte der deutschen Demokratiegeschichte\" \/>\n<meta property=\"article:published_time\" content=\"2026-04-29T14:56:47+00:00\" \/>\n<meta property=\"article:modified_time\" content=\"2026-04-29T14:56:48+00:00\" \/>\n<meta property=\"og:image\" content=\"https:\/\/www.demokratie-geschichte.de\/wp-content\/uploads\/2026\/04\/c-SODG-scaled.jpg\" \/>\n\t<meta property=\"og:image:width\" content=\"2560\" \/>\n\t<meta property=\"og:image:height\" content=\"1555\" \/>\n\t<meta property=\"og:image:type\" content=\"image\/jpeg\" \/>\n<meta name=\"author\" content=\"Paula Riechardt\" \/>\n<meta name=\"twitter:card\" content=\"summary_large_image\" \/>\n<meta name=\"twitter:label1\" content=\"Verfasst von\" \/>\n\t<meta name=\"twitter:data1\" content=\"Paula Riechardt\" \/>\n\t<meta name=\"twitter:label2\" content=\"Gesch\u00e4tzte Lesezeit\" \/>\n\t<meta name=\"twitter:data2\" content=\"2\u00a0Minuten\" \/>\n<script type=\"application\/ld+json\" class=\"yoast-schema-graph\">{\"@context\":\"https:\/\/schema.org\",\"@graph\":[{\"@type\":\"WebPage\",\"@id\":\"https:\/\/www.demokratie-geschichte.de\/index.php\/13690\/umkaempftes-vermaechtnis-die-declaration-of-independence-als-lebendige-tradition-1776-2026\/\",\"url\":\"https:\/\/www.demokratie-geschichte.de\/index.php\/13690\/umkaempftes-vermaechtnis-die-declaration-of-independence-als-lebendige-tradition-1776-2026\/\",\"name\":\"Umk\u00e4mpftes Verm\u00e4chtnis. Die \\\"Declaration of Independence\\\" als lebendige Tradition, 1776 \u2013 2026 - Stiftung Orte der deutschen Demokratiegeschichte\",\"isPartOf\":{\"@id\":\"https:\/\/www.demokratie-geschichte.de\/index.php\/#website\"},\"primaryImageOfPage\":{\"@id\":\"https:\/\/www.demokratie-geschichte.de\/index.php\/13690\/umkaempftes-vermaechtnis-die-declaration-of-independence-als-lebendige-tradition-1776-2026\/#primaryimage\"},\"image\":{\"@id\":\"https:\/\/www.demokratie-geschichte.de\/index.php\/13690\/umkaempftes-vermaechtnis-die-declaration-of-independence-als-lebendige-tradition-1776-2026\/#primaryimage\"},\"thumbnailUrl\":\"https:\/\/www.demokratie-geschichte.de\/wp-content\/uploads\/2026\/04\/c-SODG-scaled.jpg\",\"datePublished\":\"2026-04-29T14:56:47+00:00\",\"dateModified\":\"2026-04-29T14:56:48+00:00\",\"author\":{\"@id\":\"https:\/\/www.demokratie-geschichte.de\/index.php\/#\/schema\/person\/c02d7ca15383709af3d2d74364a27272\"},\"breadcrumb\":{\"@id\":\"https:\/\/www.demokratie-geschichte.de\/index.php\/13690\/umkaempftes-vermaechtnis-die-declaration-of-independence-als-lebendige-tradition-1776-2026\/#breadcrumb\"},\"inLanguage\":\"de\",\"potentialAction\":[{\"@type\":\"ReadAction\",\"target\":[\"https:\/\/www.demokratie-geschichte.de\/index.php\/13690\/umkaempftes-vermaechtnis-die-declaration-of-independence-als-lebendige-tradition-1776-2026\/\"]}]},{\"@type\":\"ImageObject\",\"inLanguage\":\"de\",\"@id\":\"https:\/\/www.demokratie-geschichte.de\/index.php\/13690\/umkaempftes-vermaechtnis-die-declaration-of-independence-als-lebendige-tradition-1776-2026\/#primaryimage\",\"url\":\"https:\/\/www.demokratie-geschichte.de\/wp-content\/uploads\/2026\/04\/c-SODG-scaled.jpg\",\"contentUrl\":\"https:\/\/www.demokratie-geschichte.de\/wp-content\/uploads\/2026\/04\/c-SODG-scaled.jpg\",\"width\":2560,\"height\":1555},{\"@type\":\"BreadcrumbList\",\"@id\":\"https:\/\/www.demokratie-geschichte.de\/index.php\/13690\/umkaempftes-vermaechtnis-die-declaration-of-independence-als-lebendige-tradition-1776-2026\/#breadcrumb\",\"itemListElement\":[{\"@type\":\"ListItem\",\"position\":1,\"name\":\"Startseite\",\"item\":\"https:\/\/www.demokratie-geschichte.de\/index.php\/\"},{\"@type\":\"ListItem\",\"position\":2,\"name\":\"Umk\u00e4mpftes Verm\u00e4chtnis. Die &#8222;Declaration of Independence&#8220; als lebendige Tradition, 1776 \u2013 2026\"}]},{\"@type\":\"WebSite\",\"@id\":\"https:\/\/www.demokratie-geschichte.de\/index.php\/#website\",\"url\":\"https:\/\/www.demokratie-geschichte.de\/index.php\/\",\"name\":\"Stiftung Orte der deutschen Demokratiegeschichte\",\"description\":\"\",\"potentialAction\":[{\"@type\":\"SearchAction\",\"target\":{\"@type\":\"EntryPoint\",\"urlTemplate\":\"https:\/\/www.demokratie-geschichte.de\/index.php\/?s={search_term_string}\"},\"query-input\":{\"@type\":\"PropertyValueSpecification\",\"valueRequired\":true,\"valueName\":\"search_term_string\"}}],\"inLanguage\":\"de\"},{\"@type\":\"Person\",\"@id\":\"https:\/\/www.demokratie-geschichte.de\/index.php\/#\/schema\/person\/c02d7ca15383709af3d2d74364a27272\",\"name\":\"Paula Riechardt\",\"image\":{\"@type\":\"ImageObject\",\"inLanguage\":\"de\",\"@id\":\"https:\/\/www.demokratie-geschichte.de\/index.php\/#\/schema\/person\/image\/\",\"url\":\"https:\/\/secure.gravatar.com\/avatar\/e57f0c79ea394d5928d4ced49356c0af6c01f2bb807f8378eceb15eb3a773837?s=96&d=mm&r=g\",\"contentUrl\":\"https:\/\/secure.gravatar.com\/avatar\/e57f0c79ea394d5928d4ced49356c0af6c01f2bb807f8378eceb15eb3a773837?s=96&d=mm&r=g\",\"caption\":\"Paula Riechardt\"},\"url\":\"https:\/\/www.demokratie-geschichte.de\/index.php\/author\/p-riechardt\/\"}]}<\/script>\n<!-- \/ Yoast SEO plugin. -->","yoast_head_json":{"title":"Umk\u00e4mpftes Verm\u00e4chtnis. Die \"Declaration of Independence\" als lebendige Tradition, 1776 \u2013 2026 - Stiftung Orte der deutschen Demokratiegeschichte","robots":{"index":"index","follow":"follow","max-snippet":"max-snippet:-1","max-image-preview":"max-image-preview:large","max-video-preview":"max-video-preview:-1"},"canonical":"https:\/\/www.demokratie-geschichte.de\/index.php\/13690\/umkaempftes-vermaechtnis-die-declaration-of-independence-als-lebendige-tradition-1776-2026\/","og_locale":"de_DE","og_type":"article","og_title":"Umk\u00e4mpftes Verm\u00e4chtnis. Die \"Declaration of Independence\" als lebendige Tradition, 1776 \u2013 2026 - Stiftung Orte der deutschen Demokratiegeschichte","og_description":"Am 7. Mai 2026 in Bad Homburg.","og_url":"https:\/\/www.demokratie-geschichte.de\/index.php\/13690\/umkaempftes-vermaechtnis-die-declaration-of-independence-als-lebendige-tradition-1776-2026\/","og_site_name":"Stiftung Orte der deutschen Demokratiegeschichte","article_published_time":"2026-04-29T14:56:47+00:00","article_modified_time":"2026-04-29T14:56:48+00:00","og_image":[{"width":2560,"height":1555,"url":"https:\/\/www.demokratie-geschichte.de\/wp-content\/uploads\/2026\/04\/c-SODG-scaled.jpg","type":"image\/jpeg"}],"author":"Paula Riechardt","twitter_card":"summary_large_image","twitter_misc":{"Verfasst von":"Paula Riechardt","Gesch\u00e4tzte Lesezeit":"2\u00a0Minuten"},"schema":{"@context":"https:\/\/schema.org","@graph":[{"@type":"WebPage","@id":"https:\/\/www.demokratie-geschichte.de\/index.php\/13690\/umkaempftes-vermaechtnis-die-declaration-of-independence-als-lebendige-tradition-1776-2026\/","url":"https:\/\/www.demokratie-geschichte.de\/index.php\/13690\/umkaempftes-vermaechtnis-die-declaration-of-independence-als-lebendige-tradition-1776-2026\/","name":"Umk\u00e4mpftes Verm\u00e4chtnis. Die \"Declaration of Independence\" als lebendige Tradition, 1776 \u2013 2026 - Stiftung Orte der deutschen Demokratiegeschichte","isPartOf":{"@id":"https:\/\/www.demokratie-geschichte.de\/index.php\/#website"},"primaryImageOfPage":{"@id":"https:\/\/www.demokratie-geschichte.de\/index.php\/13690\/umkaempftes-vermaechtnis-die-declaration-of-independence-als-lebendige-tradition-1776-2026\/#primaryimage"},"image":{"@id":"https:\/\/www.demokratie-geschichte.de\/index.php\/13690\/umkaempftes-vermaechtnis-die-declaration-of-independence-als-lebendige-tradition-1776-2026\/#primaryimage"},"thumbnailUrl":"https:\/\/www.demokratie-geschichte.de\/wp-content\/uploads\/2026\/04\/c-SODG-scaled.jpg","datePublished":"2026-04-29T14:56:47+00:00","dateModified":"2026-04-29T14:56:48+00:00","author":{"@id":"https:\/\/www.demokratie-geschichte.de\/index.php\/#\/schema\/person\/c02d7ca15383709af3d2d74364a27272"},"breadcrumb":{"@id":"https:\/\/www.demokratie-geschichte.de\/index.php\/13690\/umkaempftes-vermaechtnis-die-declaration-of-independence-als-lebendige-tradition-1776-2026\/#breadcrumb"},"inLanguage":"de","potentialAction":[{"@type":"ReadAction","target":["https:\/\/www.demokratie-geschichte.de\/index.php\/13690\/umkaempftes-vermaechtnis-die-declaration-of-independence-als-lebendige-tradition-1776-2026\/"]}]},{"@type":"ImageObject","inLanguage":"de","@id":"https:\/\/www.demokratie-geschichte.de\/index.php\/13690\/umkaempftes-vermaechtnis-die-declaration-of-independence-als-lebendige-tradition-1776-2026\/#primaryimage","url":"https:\/\/www.demokratie-geschichte.de\/wp-content\/uploads\/2026\/04\/c-SODG-scaled.jpg","contentUrl":"https:\/\/www.demokratie-geschichte.de\/wp-content\/uploads\/2026\/04\/c-SODG-scaled.jpg","width":2560,"height":1555},{"@type":"BreadcrumbList","@id":"https:\/\/www.demokratie-geschichte.de\/index.php\/13690\/umkaempftes-vermaechtnis-die-declaration-of-independence-als-lebendige-tradition-1776-2026\/#breadcrumb","itemListElement":[{"@type":"ListItem","position":1,"name":"Startseite","item":"https:\/\/www.demokratie-geschichte.de\/index.php\/"},{"@type":"ListItem","position":2,"name":"Umk\u00e4mpftes Verm\u00e4chtnis. Die &#8222;Declaration of Independence&#8220; als lebendige Tradition, 1776 \u2013 2026"}]},{"@type":"WebSite","@id":"https:\/\/www.demokratie-geschichte.de\/index.php\/#website","url":"https:\/\/www.demokratie-geschichte.de\/index.php\/","name":"Stiftung Orte der deutschen Demokratiegeschichte","description":"","potentialAction":[{"@type":"SearchAction","target":{"@type":"EntryPoint","urlTemplate":"https:\/\/www.demokratie-geschichte.de\/index.php\/?s={search_term_string}"},"query-input":{"@type":"PropertyValueSpecification","valueRequired":true,"valueName":"search_term_string"}}],"inLanguage":"de"},{"@type":"Person","@id":"https:\/\/www.demokratie-geschichte.de\/index.php\/#\/schema\/person\/c02d7ca15383709af3d2d74364a27272","name":"Paula Riechardt","image":{"@type":"ImageObject","inLanguage":"de","@id":"https:\/\/www.demokratie-geschichte.de\/index.php\/#\/schema\/person\/image\/","url":"https:\/\/secure.gravatar.com\/avatar\/e57f0c79ea394d5928d4ced49356c0af6c01f2bb807f8378eceb15eb3a773837?s=96&d=mm&r=g","contentUrl":"https:\/\/secure.gravatar.com\/avatar\/e57f0c79ea394d5928d4ced49356c0af6c01f2bb807f8378eceb15eb3a773837?s=96&d=mm&r=g","caption":"Paula Riechardt"},"url":"https:\/\/www.demokratie-geschichte.de\/index.php\/author\/p-riechardt\/"}]}},"wps_subtitle":"Veranstaltung","_links":{"self":[{"href":"https:\/\/www.demokratie-geschichte.de\/index.php\/wp-json\/wp\/v2\/posts\/13690","targetHints":{"allow":["GET"]}}],"collection":[{"href":"https:\/\/www.demokratie-geschichte.de\/index.php\/wp-json\/wp\/v2\/posts"}],"about":[{"href":"https:\/\/www.demokratie-geschichte.de\/index.php\/wp-json\/wp\/v2\/types\/post"}],"author":[{"embeddable":true,"href":"https:\/\/www.demokratie-geschichte.de\/index.php\/wp-json\/wp\/v2\/users\/23"}],"replies":[{"embeddable":true,"href":"https:\/\/www.demokratie-geschichte.de\/index.php\/wp-json\/wp\/v2\/comments?post=13690"}],"version-history":[{"count":2,"href":"https:\/\/www.demokratie-geschichte.de\/index.php\/wp-json\/wp\/v2\/posts\/13690\/revisions"}],"predecessor-version":[{"id":13694,"href":"https:\/\/www.demokratie-geschichte.de\/index.php\/wp-json\/wp\/v2\/posts\/13690\/revisions\/13694"}],"wp:featuredmedia":[{"embeddable":true,"href":"https:\/\/www.demokratie-geschichte.de\/index.php\/wp-json\/wp\/v2\/media\/13692"}],"wp:attachment":[{"href":"https:\/\/www.demokratie-geschichte.de\/index.php\/wp-json\/wp\/v2\/media?parent=13690"}],"wp:term":[{"taxonomy":"category","embeddable":true,"href":"https:\/\/www.demokratie-geschichte.de\/index.php\/wp-json\/wp\/v2\/categories?post=13690"},{"taxonomy":"post_tag","embeddable":true,"href":"https:\/\/www.demokratie-geschichte.de\/index.php\/wp-json\/wp\/v2\/tags?post=13690"}],"curies":[{"name":"wp","href":"https:\/\/api.w.org\/{rel}","templated":true}]}}