{"id":13678,"date":"2026-04-29T14:41:20","date_gmt":"2026-04-29T12:41:20","guid":{"rendered":"https:\/\/www.demokratie-geschichte.de\/index.php\/?p=13678"},"modified":"2026-04-29T15:52:51","modified_gmt":"2026-04-29T13:52:51","slug":"stadtrundgang-recht-stadtlich-special-edition-demokratiegeschichte","status":"publish","type":"post","link":"https:\/\/www.demokratie-geschichte.de\/index.php\/13678\/stadtrundgang-recht-stadtlich-special-edition-demokratiegeschichte\/","title":{"rendered":"Stadtrundgang \u201eRecht stadtlich!\u201c \u2013 Special Edition \u201eDemokratiegeschichte\u201c"},"content":{"rendered":"\n<p>Erkunde die Geschichte(n) rund um das Recht und die deutsche Demokratie- und Verfassungsgeschichte vor Ort. Der Stadtrundgang in Leipzig beleuchtet unter anderem das Bundesverwaltungsgericht, das Landgericht und Orte der Demokratiegeschichte. Spannende Rechtsf\u00e4lle wie die F\u00e4lle Woyzeck und Egenberger sind ebenso Thema wie Geschichten um das Ringen von Gleichheit und Freiheit. Auf dem barrierearmen Rundgang, der zum 77. Geburtstag des Grundgesetzes einen neuen Blick auf die Stadt Leipzig und ihre Orte des Rechts erm\u00f6glicht, begleiten Euch pro Termin zwei ausgewiesene Experteninnen und Experten auf der Erkundungstour: Am 21. Mai sind wir mit Hans-Joachim Enderling (Jurist im Ruhestand\/ Stadtf\u00fchrer in Leipzig) und Raimund Grafe (Vorstandsvorsitzender des Erich-Zeigner-Haus e. V.) unterwegs, am 23. Mai dann mit Hans-Joachim Enderling und Franziska Deutschmann (Vorst\u00e4ndin der Louise-Otto-Peters Gesellschaft e. V.). Kommt vorbei, h\u00f6rt zu, fragt nach, tauscht euch aus zu euren Leipziger Orten der Demokratiegeschichte!<\/p>\n\n\n\n<p>Der Stadtrundgang findet im Rahmen des Ehrentags 2026 statt, der j\u00e4hrlich rund um den Geburtstag des Grundgesetzes begangen wird. Mit diesem Aktionstag l\u00e4dt der Bundespr\u00e4sident Frank-Walter Steinmeier gemeinsam mit zahlreichen Partnerinstitutionen bundesweit dazu ein, das gesellschaftliche Miteinander zu feiern! Dazu z\u00e4hlt f\u00fcr uns auch, sich mit der Geschichte, den Werten und der Gegenwart der deutschen Demokratie auseinanderzusetzen und Orte demokratischen Handelns neu zu entdecken.<\/p>\n\n\n\n<div class=\"wp-block-columns is-layout-flex wp-container-core-columns-is-layout-9d6595d7 wp-block-columns-is-layout-flex\">\n<div class=\"wp-block-column is-layout-flow wp-block-column-is-layout-flow\" style=\"flex-basis:50%\">\n<figure class=\"wp-block-image size-full\"><img loading=\"lazy\" decoding=\"async\" width=\"930\" height=\"620\" src=\"https:\/\/www.demokratie-geschichte.de\/wp-content\/uploads\/2026\/04\/2025_05_20_Recht-stadlich-Leipzig1_-2-930x620-1.jpg\" alt=\"\" class=\"wp-image-13679\" srcset=\"https:\/\/www.demokratie-geschichte.de\/wp-content\/uploads\/2026\/04\/2025_05_20_Recht-stadlich-Leipzig1_-2-930x620-1.jpg 930w, https:\/\/www.demokratie-geschichte.de\/wp-content\/uploads\/2026\/04\/2025_05_20_Recht-stadlich-Leipzig1_-2-930x620-1-300x200.jpg 300w, https:\/\/www.demokratie-geschichte.de\/wp-content\/uploads\/2026\/04\/2025_05_20_Recht-stadlich-Leipzig1_-2-930x620-1-768x512.jpg 768w, https:\/\/www.demokratie-geschichte.de\/wp-content\/uploads\/2026\/04\/2025_05_20_Recht-stadlich-Leipzig1_-2-930x620-1-720x480.jpg 720w\" sizes=\"auto, (max-width: 930px) 100vw, 930px\" \/><\/figure>\n<\/div>\n\n\n\n<div class=\"wp-block-column is-layout-flow wp-block-column-is-layout-flow\" style=\"flex-basis:50%\">\n<p><strong>Termine 2026: <\/strong>21. Mai (Beginn 17:00), 23. Mai (Beginn 11:00)<br><strong>Start- und Treffpunkt:<\/strong> Vor dem Bundesverwaltungsgericht, Simsonplatz 1, 04107 Leipzig<br><strong>Teilnahme:<\/strong> Die Teilnahme ist kostenfrei, eine Voranmeldung nicht notwendig.<\/p>\n<\/div>\n<\/div>\n\n\n\n<p>Der Rundgang ist barrierearm. Der Weg bietet abgesenkte Bordsteinkanten f\u00fcr Rollstuhlfahrerinnen und Rollstuhlfahrer. Teilnehmende sollten Freude an einem ca. 3,0 km langen Spaziergang mitbringen. Bitte beachtet, dass wir keine zus\u00e4tzliche Unterst\u00fctzung f\u00fcr seh- und h\u00f6rbeeintr\u00e4chtigte Personen anbieten. F\u00fcr etwa 30 G\u00e4ste stehen Kopfh\u00f6rer zur Verf\u00fcgung und die Stimme &#8222;der Reiseleitung&#8220; wird mit Mikrophonen verst\u00e4rkt. Auch m\u00fcsst ihr durch das st\u00e4dtische Umfeld mit zahlreichen sensorischen Reizen auf dem Rundgang rechnen.&nbsp;<\/p>\n\n\n\n<p><\/p>\n","protected":false},"excerpt":{"rendered":"<p>Am 21. und 23. Mai in Leipzig. Gemeinsam mit der Stiftung Forum Recht.<\/p>\n","protected":false},"author":23,"featured_media":13680,"comment_status":"closed","ping_status":"open","sticky":false,"template":"","format":"standard","meta":{"footnotes":""},"categories":[29,21],"tags":[],"class_list":["post-13678","post","type-post","status-publish","format-standard","has-post-thumbnail","hentry","category-veranstaltungen","category-startseite"],"yoast_head":"<!-- This site is optimized with the Yoast SEO plugin v23.5 - https:\/\/yoast.com\/wordpress\/plugins\/seo\/ -->\n<title>Stadtrundgang \u201eRecht stadtlich!\u201c \u2013 Special Edition \u201eDemokratiegeschichte\u201c - Stiftung Orte der deutschen Demokratiegeschichte<\/title>\n<meta name=\"robots\" content=\"index, follow, max-snippet:-1, max-image-preview:large, max-video-preview:-1\" \/>\n<link rel=\"canonical\" href=\"https:\/\/www.demokratie-geschichte.de\/index.php\/13678\/stadtrundgang-recht-stadtlich-special-edition-demokratiegeschichte\/\" \/>\n<meta property=\"og:locale\" content=\"de_DE\" \/>\n<meta property=\"og:type\" content=\"article\" \/>\n<meta property=\"og:title\" content=\"Stadtrundgang \u201eRecht stadtlich!\u201c \u2013 Special Edition \u201eDemokratiegeschichte\u201c - Stiftung Orte der deutschen Demokratiegeschichte\" \/>\n<meta property=\"og:description\" content=\"Am 21. und 23. Mai in Leipzig. Gemeinsam mit der Stiftung Forum Recht.\" \/>\n<meta property=\"og:url\" content=\"https:\/\/www.demokratie-geschichte.de\/index.php\/13678\/stadtrundgang-recht-stadtlich-special-edition-demokratiegeschichte\/\" \/>\n<meta property=\"og:site_name\" content=\"Stiftung Orte der deutschen Demokratiegeschichte\" \/>\n<meta property=\"article:published_time\" content=\"2026-04-29T12:41:20+00:00\" \/>\n<meta property=\"article:modified_time\" content=\"2026-04-29T13:52:51+00:00\" \/>\n<meta property=\"og:image\" content=\"https:\/\/www.demokratie-geschichte.de\/wp-content\/uploads\/2026\/04\/2026_SFR_SRG_Kachel-Web.png\" \/>\n\t<meta property=\"og:image:width\" content=\"1440\" \/>\n\t<meta property=\"og:image:height\" content=\"1440\" \/>\n\t<meta property=\"og:image:type\" content=\"image\/png\" \/>\n<meta name=\"author\" content=\"Paula Riechardt\" \/>\n<meta name=\"twitter:card\" content=\"summary_large_image\" \/>\n<meta name=\"twitter:label1\" content=\"Verfasst von\" \/>\n\t<meta name=\"twitter:data1\" content=\"Paula Riechardt\" \/>\n\t<meta name=\"twitter:label2\" content=\"Gesch\u00e4tzte Lesezeit\" \/>\n\t<meta name=\"twitter:data2\" content=\"3\u00a0Minuten\" \/>\n<script type=\"application\/ld+json\" class=\"yoast-schema-graph\">{\"@context\":\"https:\/\/schema.org\",\"@graph\":[{\"@type\":\"WebPage\",\"@id\":\"https:\/\/www.demokratie-geschichte.de\/index.php\/13678\/stadtrundgang-recht-stadtlich-special-edition-demokratiegeschichte\/\",\"url\":\"https:\/\/www.demokratie-geschichte.de\/index.php\/13678\/stadtrundgang-recht-stadtlich-special-edition-demokratiegeschichte\/\",\"name\":\"Stadtrundgang \u201eRecht stadtlich!\u201c \u2013 Special Edition \u201eDemokratiegeschichte\u201c - Stiftung Orte der deutschen Demokratiegeschichte\",\"isPartOf\":{\"@id\":\"https:\/\/www.demokratie-geschichte.de\/index.php\/#website\"},\"primaryImageOfPage\":{\"@id\":\"https:\/\/www.demokratie-geschichte.de\/index.php\/13678\/stadtrundgang-recht-stadtlich-special-edition-demokratiegeschichte\/#primaryimage\"},\"image\":{\"@id\":\"https:\/\/www.demokratie-geschichte.de\/index.php\/13678\/stadtrundgang-recht-stadtlich-special-edition-demokratiegeschichte\/#primaryimage\"},\"thumbnailUrl\":\"https:\/\/www.demokratie-geschichte.de\/wp-content\/uploads\/2026\/04\/2026_SFR_SRG_Kachel-Web.png\",\"datePublished\":\"2026-04-29T12:41:20+00:00\",\"dateModified\":\"2026-04-29T13:52:51+00:00\",\"author\":{\"@id\":\"https:\/\/www.demokratie-geschichte.de\/index.php\/#\/schema\/person\/c02d7ca15383709af3d2d74364a27272\"},\"breadcrumb\":{\"@id\":\"https:\/\/www.demokratie-geschichte.de\/index.php\/13678\/stadtrundgang-recht-stadtlich-special-edition-demokratiegeschichte\/#breadcrumb\"},\"inLanguage\":\"de\",\"potentialAction\":[{\"@type\":\"ReadAction\",\"target\":[\"https:\/\/www.demokratie-geschichte.de\/index.php\/13678\/stadtrundgang-recht-stadtlich-special-edition-demokratiegeschichte\/\"]}]},{\"@type\":\"ImageObject\",\"inLanguage\":\"de\",\"@id\":\"https:\/\/www.demokratie-geschichte.de\/index.php\/13678\/stadtrundgang-recht-stadtlich-special-edition-demokratiegeschichte\/#primaryimage\",\"url\":\"https:\/\/www.demokratie-geschichte.de\/wp-content\/uploads\/2026\/04\/2026_SFR_SRG_Kachel-Web.png\",\"contentUrl\":\"https:\/\/www.demokratie-geschichte.de\/wp-content\/uploads\/2026\/04\/2026_SFR_SRG_Kachel-Web.png\",\"width\":1440,\"height\":1440},{\"@type\":\"BreadcrumbList\",\"@id\":\"https:\/\/www.demokratie-geschichte.de\/index.php\/13678\/stadtrundgang-recht-stadtlich-special-edition-demokratiegeschichte\/#breadcrumb\",\"itemListElement\":[{\"@type\":\"ListItem\",\"position\":1,\"name\":\"Startseite\",\"item\":\"https:\/\/www.demokratie-geschichte.de\/index.php\/\"},{\"@type\":\"ListItem\",\"position\":2,\"name\":\"Stadtrundgang \u201eRecht stadtlich!\u201c \u2013 Special Edition \u201eDemokratiegeschichte\u201c\"}]},{\"@type\":\"WebSite\",\"@id\":\"https:\/\/www.demokratie-geschichte.de\/index.php\/#website\",\"url\":\"https:\/\/www.demokratie-geschichte.de\/index.php\/\",\"name\":\"Stiftung Orte der deutschen Demokratiegeschichte\",\"description\":\"\",\"potentialAction\":[{\"@type\":\"SearchAction\",\"target\":{\"@type\":\"EntryPoint\",\"urlTemplate\":\"https:\/\/www.demokratie-geschichte.de\/index.php\/?s={search_term_string}\"},\"query-input\":{\"@type\":\"PropertyValueSpecification\",\"valueRequired\":true,\"valueName\":\"search_term_string\"}}],\"inLanguage\":\"de\"},{\"@type\":\"Person\",\"@id\":\"https:\/\/www.demokratie-geschichte.de\/index.php\/#\/schema\/person\/c02d7ca15383709af3d2d74364a27272\",\"name\":\"Paula Riechardt\",\"image\":{\"@type\":\"ImageObject\",\"inLanguage\":\"de\",\"@id\":\"https:\/\/www.demokratie-geschichte.de\/index.php\/#\/schema\/person\/image\/\",\"url\":\"https:\/\/secure.gravatar.com\/avatar\/e57f0c79ea394d5928d4ced49356c0af6c01f2bb807f8378eceb15eb3a773837?s=96&d=mm&r=g\",\"contentUrl\":\"https:\/\/secure.gravatar.com\/avatar\/e57f0c79ea394d5928d4ced49356c0af6c01f2bb807f8378eceb15eb3a773837?s=96&d=mm&r=g\",\"caption\":\"Paula Riechardt\"},\"url\":\"https:\/\/www.demokratie-geschichte.de\/index.php\/author\/p-riechardt\/\"}]}<\/script>\n<!-- \/ Yoast SEO plugin. -->","yoast_head_json":{"title":"Stadtrundgang \u201eRecht stadtlich!\u201c \u2013 Special Edition \u201eDemokratiegeschichte\u201c - Stiftung Orte der deutschen Demokratiegeschichte","robots":{"index":"index","follow":"follow","max-snippet":"max-snippet:-1","max-image-preview":"max-image-preview:large","max-video-preview":"max-video-preview:-1"},"canonical":"https:\/\/www.demokratie-geschichte.de\/index.php\/13678\/stadtrundgang-recht-stadtlich-special-edition-demokratiegeschichte\/","og_locale":"de_DE","og_type":"article","og_title":"Stadtrundgang \u201eRecht stadtlich!\u201c \u2013 Special Edition \u201eDemokratiegeschichte\u201c - Stiftung Orte der deutschen Demokratiegeschichte","og_description":"Am 21. und 23. Mai in Leipzig. Gemeinsam mit der Stiftung Forum Recht.","og_url":"https:\/\/www.demokratie-geschichte.de\/index.php\/13678\/stadtrundgang-recht-stadtlich-special-edition-demokratiegeschichte\/","og_site_name":"Stiftung Orte der deutschen Demokratiegeschichte","article_published_time":"2026-04-29T12:41:20+00:00","article_modified_time":"2026-04-29T13:52:51+00:00","og_image":[{"width":1440,"height":1440,"url":"https:\/\/www.demokratie-geschichte.de\/wp-content\/uploads\/2026\/04\/2026_SFR_SRG_Kachel-Web.png","type":"image\/png"}],"author":"Paula Riechardt","twitter_card":"summary_large_image","twitter_misc":{"Verfasst von":"Paula Riechardt","Gesch\u00e4tzte Lesezeit":"3\u00a0Minuten"},"schema":{"@context":"https:\/\/schema.org","@graph":[{"@type":"WebPage","@id":"https:\/\/www.demokratie-geschichte.de\/index.php\/13678\/stadtrundgang-recht-stadtlich-special-edition-demokratiegeschichte\/","url":"https:\/\/www.demokratie-geschichte.de\/index.php\/13678\/stadtrundgang-recht-stadtlich-special-edition-demokratiegeschichte\/","name":"Stadtrundgang \u201eRecht stadtlich!\u201c \u2013 Special Edition \u201eDemokratiegeschichte\u201c - Stiftung Orte der deutschen Demokratiegeschichte","isPartOf":{"@id":"https:\/\/www.demokratie-geschichte.de\/index.php\/#website"},"primaryImageOfPage":{"@id":"https:\/\/www.demokratie-geschichte.de\/index.php\/13678\/stadtrundgang-recht-stadtlich-special-edition-demokratiegeschichte\/#primaryimage"},"image":{"@id":"https:\/\/www.demokratie-geschichte.de\/index.php\/13678\/stadtrundgang-recht-stadtlich-special-edition-demokratiegeschichte\/#primaryimage"},"thumbnailUrl":"https:\/\/www.demokratie-geschichte.de\/wp-content\/uploads\/2026\/04\/2026_SFR_SRG_Kachel-Web.png","datePublished":"2026-04-29T12:41:20+00:00","dateModified":"2026-04-29T13:52:51+00:00","author":{"@id":"https:\/\/www.demokratie-geschichte.de\/index.php\/#\/schema\/person\/c02d7ca15383709af3d2d74364a27272"},"breadcrumb":{"@id":"https:\/\/www.demokratie-geschichte.de\/index.php\/13678\/stadtrundgang-recht-stadtlich-special-edition-demokratiegeschichte\/#breadcrumb"},"inLanguage":"de","potentialAction":[{"@type":"ReadAction","target":["https:\/\/www.demokratie-geschichte.de\/index.php\/13678\/stadtrundgang-recht-stadtlich-special-edition-demokratiegeschichte\/"]}]},{"@type":"ImageObject","inLanguage":"de","@id":"https:\/\/www.demokratie-geschichte.de\/index.php\/13678\/stadtrundgang-recht-stadtlich-special-edition-demokratiegeschichte\/#primaryimage","url":"https:\/\/www.demokratie-geschichte.de\/wp-content\/uploads\/2026\/04\/2026_SFR_SRG_Kachel-Web.png","contentUrl":"https:\/\/www.demokratie-geschichte.de\/wp-content\/uploads\/2026\/04\/2026_SFR_SRG_Kachel-Web.png","width":1440,"height":1440},{"@type":"BreadcrumbList","@id":"https:\/\/www.demokratie-geschichte.de\/index.php\/13678\/stadtrundgang-recht-stadtlich-special-edition-demokratiegeschichte\/#breadcrumb","itemListElement":[{"@type":"ListItem","position":1,"name":"Startseite","item":"https:\/\/www.demokratie-geschichte.de\/index.php\/"},{"@type":"ListItem","position":2,"name":"Stadtrundgang \u201eRecht stadtlich!\u201c \u2013 Special Edition \u201eDemokratiegeschichte\u201c"}]},{"@type":"WebSite","@id":"https:\/\/www.demokratie-geschichte.de\/index.php\/#website","url":"https:\/\/www.demokratie-geschichte.de\/index.php\/","name":"Stiftung Orte der deutschen Demokratiegeschichte","description":"","potentialAction":[{"@type":"SearchAction","target":{"@type":"EntryPoint","urlTemplate":"https:\/\/www.demokratie-geschichte.de\/index.php\/?s={search_term_string}"},"query-input":{"@type":"PropertyValueSpecification","valueRequired":true,"valueName":"search_term_string"}}],"inLanguage":"de"},{"@type":"Person","@id":"https:\/\/www.demokratie-geschichte.de\/index.php\/#\/schema\/person\/c02d7ca15383709af3d2d74364a27272","name":"Paula Riechardt","image":{"@type":"ImageObject","inLanguage":"de","@id":"https:\/\/www.demokratie-geschichte.de\/index.php\/#\/schema\/person\/image\/","url":"https:\/\/secure.gravatar.com\/avatar\/e57f0c79ea394d5928d4ced49356c0af6c01f2bb807f8378eceb15eb3a773837?s=96&d=mm&r=g","contentUrl":"https:\/\/secure.gravatar.com\/avatar\/e57f0c79ea394d5928d4ced49356c0af6c01f2bb807f8378eceb15eb3a773837?s=96&d=mm&r=g","caption":"Paula Riechardt"},"url":"https:\/\/www.demokratie-geschichte.de\/index.php\/author\/p-riechardt\/"}]}},"wps_subtitle":"Veranstaltung","_links":{"self":[{"href":"https:\/\/www.demokratie-geschichte.de\/index.php\/wp-json\/wp\/v2\/posts\/13678","targetHints":{"allow":["GET"]}}],"collection":[{"href":"https:\/\/www.demokratie-geschichte.de\/index.php\/wp-json\/wp\/v2\/posts"}],"about":[{"href":"https:\/\/www.demokratie-geschichte.de\/index.php\/wp-json\/wp\/v2\/types\/post"}],"author":[{"embeddable":true,"href":"https:\/\/www.demokratie-geschichte.de\/index.php\/wp-json\/wp\/v2\/users\/23"}],"replies":[{"embeddable":true,"href":"https:\/\/www.demokratie-geschichte.de\/index.php\/wp-json\/wp\/v2\/comments?post=13678"}],"version-history":[{"count":6,"href":"https:\/\/www.demokratie-geschichte.de\/index.php\/wp-json\/wp\/v2\/posts\/13678\/revisions"}],"predecessor-version":[{"id":13689,"href":"https:\/\/www.demokratie-geschichte.de\/index.php\/wp-json\/wp\/v2\/posts\/13678\/revisions\/13689"}],"wp:featuredmedia":[{"embeddable":true,"href":"https:\/\/www.demokratie-geschichte.de\/index.php\/wp-json\/wp\/v2\/media\/13680"}],"wp:attachment":[{"href":"https:\/\/www.demokratie-geschichte.de\/index.php\/wp-json\/wp\/v2\/media?parent=13678"}],"wp:term":[{"taxonomy":"category","embeddable":true,"href":"https:\/\/www.demokratie-geschichte.de\/index.php\/wp-json\/wp\/v2\/categories?post=13678"},{"taxonomy":"post_tag","embeddable":true,"href":"https:\/\/www.demokratie-geschichte.de\/index.php\/wp-json\/wp\/v2\/tags?post=13678"}],"curies":[{"name":"wp","href":"https:\/\/api.w.org\/{rel}","templated":true}]}}